{"id":325,"date":"2025-03-25T11:39:49","date_gmt":"2025-03-25T10:39:49","guid":{"rendered":"https:\/\/www.piccoloprincipe.org\/safenet\/?p=325"},"modified":"2025-06-16T11:57:40","modified_gmt":"2025-06-16T09:57:40","slug":"il-diritto-alla-salute-e-un-diritto-di-tutti-intervista-a-ilaria-mercurio-operatrice-di-territorio","status":"publish","type":"post","link":"https:\/\/www.piccoloprincipe.org\/safenet\/2025\/03\/25\/il-diritto-alla-salute-e-un-diritto-di-tutti-intervista-a-ilaria-mercurio-operatrice-di-territorio\/","title":{"rendered":"Il diritto alla salute \u00e8 un diritto di tutti. Intervista a Ilaria Mercurio, operatrice di territorio"},"content":{"rendered":"\n<p class=\"wp-block-paragraph\">Inauguriamo la rubrica sul nostro sito dedicata al racconto delle esperienze delle persone che attraversano <strong>Safenet<\/strong> e dei servizi messi in campo dal progetto con l\u2019intervista a <strong>Ilaria Mercurio<\/strong>, operatrice di territorio della <strong><a href=\"https:\/\/www.comunitaemmaus.it\/\">Cooperativa don Giuseppe Monticelli<\/a><\/strong>.<\/p>\n\n\n\n<!--more-->\n\n\n\n<p class=\"wp-block-paragraph\">La Cooperativa, uno dei partner di Safenet, si occupa di salute sessuale e prende parte al progetto non solo per fornire un aiuto concreto alla popolazione, ma anche per informare e per creare una maggiore consapevolezza sul tema negli operatori dei servizi di Safenet.<\/p>\n\n\n\n<p class=\"wp-block-paragraph\"><\/p>\n\n\n\n<h4 class=\"wp-block-heading\"><strong>Di cosa si occupa la Don Giuseppe Monticelli societ\u00e0 cooperativa sociale?<\/strong><\/h4>\n\n\n\n<p class=\"wp-block-paragraph\">I.M.: <em>La Cooperativa \u00e8 una realt\u00e0 che si occupa di HIV\/AIDS da due punti di vista: la gestione di due case alloggio in cui vengono accolte le persone per affiancarle nel processo di presa in carico sociosanitaria e la prevenzione attraverso attivit\u00e0 di sensibilizzazione e informazione sul tema.<\/em><\/p>\n\n\n\n<p class=\"wp-block-paragraph\"><em>Dal 2019 facciamo parte della <strong><a href=\"https:\/\/www.friendlytest.it\/index.php\">rete Bergamo Fast Track City<\/a><\/strong>, voluta dal Comune di Bergamo con la sottoscrizione della \u201cDichiarazione di Parigi\u201d, progetto a livello mondiale che si pone l\u2019obiettivo di informare, tracciare e far accedere alle terapie la popolazione, per ridurre al minimo i nuovi contagi. La rete bergamasca \u00e8 composta da istituzioni come il Comune di Bergamo, l\u2019ASST Papa Giovanni XXIII, ATS Bergamo, la Provincia di Bergamo, associazioni e enti del terzo settore che partecipano dal punto di vista operativo: informare, sensibilizzare, fornire testa anonimi, rapidi e gratuiti per HIV, epatite C e sifilide.<\/em><\/p>\n\n\n\n<p class=\"wp-block-paragraph\"><em>Da giugno 2020 \u00e8 stato aperto un Check Point, sede fisica in via Moroni 93 a Bergamo dove si pu\u00f2 fare il test in forma anonima. La possibilit\u00e0 di fare il test \u00e8 offerta anche sul territorio della provincia, come per esempio attraverso l\u2019adesione al progetto Safenet.<\/em><\/p>\n\n\n\n<p class=\"wp-block-paragraph\"><\/p>\n\n\n\n<h4 class=\"wp-block-heading\"><strong>Quale ruolo ha la cooperativa Monticelli all&#8217;interno del progetto Safenet? Qual \u00e8 il valore aggiunto che porta nel progetto di riduzione del danno?<\/strong><\/h4>\n\n\n\n<p class=\"wp-block-paragraph\">I.M.: <em>Con la nostra partecipazione al progetto vogliamo portare il tema della salute sessuale sul territorio, in particolare <strong>fare parte di Safenet<\/strong> ci permette di raggiungere la popolazione dell\u2019area Est della provincia di Bergamo. Come partner di questo progetto e di <strong><a href=\"https:\/\/www.piccoloprincipe.org\/inprimalinea\/\">In Prima Linea<\/a><\/strong>, grazie alla relazione con i servizi gi\u00e0 presenti, riusciamo a <strong>intercettare le persone pi\u00f9 fragili di quei territori e raggiungerle<\/strong>.<\/em><\/p>\n\n\n\n<p class=\"wp-block-paragraph\"><em>Quando una persona si trova in un momento di fragilit\u00e0 legate al proprio contesto di vita, infatti, \u00e8 nella condizione di correre rischi maggiori, tra cui quelli legati alla salute sessuale. In questi casi i nostri obiettivi sono due: prevenire e sostenere le persone. Per esempio dove non hanno le risorse per dedicarsi della propria salute sessuale, far parte di una rete ci permette di raggiungerle e dare la possibilit\u00e0 a tutti di avvalersi del <strong>diritto di occuparsi della propria salute<\/strong>.<\/em><\/p>\n\n\n\n<p class=\"wp-block-paragraph\"><em>Il nostro lavoro sul territorio mira a raggiungere anche quelle persone gi\u00e0 consapevoli di avere infezioni e mettere in campo strategie e azioni per permettere loro di occuparsene, grazie alla collaborazione con i servizi aiutiamo a riportare in cura chi si \u00e8 perso: supportiamo nella ripresa della terapia, controlli, ritiro dei farmaci e via dicendo.<\/em><\/p>\n\n\n\n<p class=\"wp-block-paragraph\"><strong><em>Essere parte di una rete gioca un ruolo fondamentale<\/em><\/strong><em>, grazie a Safenet possiamo arrivare a quella parte di popolazione in difficolt\u00e0, gi\u00e0 conosciuta dalle altre realt\u00e0 del progetto. La rete velocizza il lavoro e aumenta l\u2019efficacia: permette di avere una via di ingresso privilegiata e creare una relazione di fiducia pi\u00f9 rapidamente.<\/em><\/p>\n\n\n\n<p class=\"wp-block-paragraph\"><em>Perch\u00e9 sia importante lavorare sulla marginalit\u00e0 ce lo dicono anche i dati: <strong>in situazioni di marginalit\u00e0 si ha pi\u00f9 possibilit\u00e0 di correre rischi<\/strong>. Allo stesso tempo, per\u00f2, vogliamo lavorare per raggiungere il sommerso, cio\u00e8 la parte di popolazione che ci si immagina abbia l\u2019HIV senza saperlo.<\/em><\/p>\n\n\n\n<p class=\"wp-block-paragraph\"><em>E poi c\u2019\u00e8 l\u2019altro braccio della nostra attivit\u00e0, cio\u00e8 la <strong>prevenzione<\/strong>. Lavorare con i giovani, proporre il test, esserci per la popolazione che per le statistiche non \u00e8 tanto a rischio ci permette di <strong>generare consapevolezza<\/strong>, cercare di costruire una nuova cultura della presa in carico della propria salute sessuale. Nel tempo questo ci dovrebbe permettere di non dover parlare pi\u00f9 di una serie di Infezioni sessualmente trasmissibili (Ist).<\/em><\/p>\n\n\n\n<p class=\"wp-block-paragraph\"><em>Curare la propria salute sessuale non riguarda solo s\u00e9 stessi ma anche la <strong>relazione con la comunit\u00e0<\/strong>.<\/em><\/p>\n\n\n\n<p class=\"wp-block-paragraph\"><\/p>\n\n\n\n<h4 class=\"wp-block-heading\"><strong>La vostra attivit\u00e0 di formazione nelle scuole: come si svolge, con quali scuole lavorate, quali finalit\u00e0 e obiettivi vi ponete?<\/strong><\/h4>\n\n\n\n<p class=\"wp-block-paragraph\">I.M.: <em>Uno dei nostri focus \u00e8 generare corrette informazioni in modo che le persone siano in grado di <strong>occuparsi con consapevolezza della propria salute<\/strong>, senza timore ma con conoscenza: essere responsabili sulla propria salute, il proprio corpo e le proprie decisioni<\/em>, <em>per avere un\u2019esperienza di rapporti sessuali in salute, in uno stato di benessere.<\/em><\/p>\n\n\n\n<p class=\"wp-block-paragraph\"><em>Per le scuole superiori abbiamo il progetto di informazione <strong>#cHIVuoleconoscere<\/strong> che proponiamo nelle classi del triennio delle secondarie di secondo grado di Bergamo e provincia, con 2\/3 interventi per ogni classe in cui cerchiamo di trattare il tema di HIV, AIDS e delle Ist da 3 punti di vista:<\/em><\/p>\n\n\n\n<ul class=\"wp-block-list\">\n<li><em><strong>sanitario<\/strong>: cosa sono, come si trasmettono e come si prevengono<\/em>;<\/li>\n\n\n\n<li><em><strong>sociale<\/strong>: chi deve sapere, come lo deve sapere? lavoriamo su come comunicare agli altri eventuali infezioni<\/em>;<\/li>\n\n\n\n<li><em><strong>culturale<\/strong>: analizziamo le pubblicit\u00e0, come \u00e8 stato presentato il tema negli anni e come questo ha influito nella societ\u00e0.<\/em><\/li>\n<\/ul>\n\n\n\n<p class=\"wp-block-paragraph\"><em>Proponiamo anche due azioni pi\u00f9 attive:<\/em><\/p>\n\n\n\n<ul class=\"wp-block-list\">\n<li><em>la <strong>possibilit\u00e0 di fare il test<\/strong> per gli studenti maggiorenni alla fine dei percorsi formativi;<\/em><\/li>\n\n\n\n<li><em>la proposta di <strong>partecipare a un concorso per realizzare materiale di sensibilizzazione<\/strong>. Gli studenti hanno la possibilit\u00e0 di mettersi in gioco e di focalizzare cosa hanno appreso. Ci aiutano ad avere materiale efficace per raggiungere la popolazione, per comunicare giuste informazioni.<\/em><\/li>\n<\/ul>\n\n\n\n<p class=\"wp-block-paragraph\"><em>Un\u2019altra attivit\u00e0 di informazione e sensibilizzazione viene fatta all\u2019interno dei <strong>CPIA<\/strong>, scuole che offrono corsi di italiano o di licenza media per adulti.<\/em><\/p>\n\n\n\n<p class=\"wp-block-paragraph\"><em>Qui proponiamo un momento informativo di sensibilizzazione, in cui diamo spiegazioni avvalendoci di materiali multimediali in varie lingue, per informare correttamente sulle Ist.<\/em> <em>Intercettiamo sia persone migranti fragili, che meno fragili<\/em> e offriamo <em>momenti di somministrazione del test.<\/em><\/p>\n\n\n\n<p class=\"wp-block-paragraph\"><em>In questo contesto \u00e8 importante il <strong>ruolo dei mediatori<\/strong>: con Safenet ci siamo fatti sostenere da mediatori culturali, questo ci ha permesso di capire come arrivare efficacemente a tutti grazie alla mediazione di professionisti che aiutano da un punto di vista linguistico e culturale, per cercare di abbattere stigmi, pregiudizi e credenze.<\/em><\/p>\n\n\n\n<p class=\"wp-block-paragraph\"><\/p>\n\n\n\n<h4 class=\"wp-block-heading\"><strong>Ci racconti un momento significativo durante le formazioni in aula?<\/strong><\/h4>\n\n\n\n<p class=\"wp-block-paragraph\">I.M.: <em>Quello che mi porto a casa quando lavoro con gli adulti sono i momenti di cambiamento che avvengono quando le persone condividono le loro conoscenze sul tema: si passa dalla paura a una consapevolezza informata.<\/em><\/p>\n\n\n\n<p class=\"wp-block-paragraph\"><em>Questo \u00e8 importante quando come adulti si hanno relazioni educative con i giovani, ma anche per <strong>dare pi\u00f9 significato alla propria esperienza<\/strong>: riescono a risignificarla grazie alle conoscenze che ci sono oggi, a essere pi\u00f9 consapevoli, con meno timori e con informazioni pi\u00f9 corrette.<\/em><\/p>\n\n\n\n<p class=\"wp-block-paragraph\"><em>Per esempio durante l\u2019<strong>incontro informativo al Pit stop di Cividino <\/strong>\u00e8 stato importante vedere acquisire ai partecipanti un nuovo sguardo rispetto a questo tema, meno paura e quasi un sospiro di sollievo.<\/em><\/p>\n\n\n\n<p class=\"wp-block-paragraph\"><em>Con i giovani, invece, apprezzo sempre molto il lavoro che facciamo di <strong>abbattimento di stigma e pregiudizio<\/strong>. La parte teorica \u00e8 molto facile, rassicuriamo le persone che grazie a piccoli accorgimenti si possono evitare le infezioni. Quando iniziamo a parlare di come comunicare di avere l\u2019HIV, per esempio, qui entra in gioco \u201cla pancia\u201d e il primo impatto \u00e8 mettere una barriera rispetto all\u2019altro. Ragionando insieme tutti arrivano alla soluzione nel fatto che si pu\u00f2 convivere nella relazione con l\u2019altro all&#8217;interno della comunit\u00e0, perch\u00e9 <strong>la responsabilit\u00e0 delle nostre azioni l\u2019abbiamo noi<\/strong>. <\/em><\/p>\n\n\n\n<p class=\"wp-block-paragraph\"><em>Trovo gratificante lavorare sulle emozioni nella relazione con l\u2019altro. \u00c8 pi\u00f9 difficile, ma quando se ne parla ci si d\u00e0 la possibilit\u00e0 di essere pi\u00f9 preparati per affrontare questi momenti.<\/em><\/p>\n\n\n\n<figure class=\"wp-block-gallery has-nested-images columns-default is-cropped wp-block-gallery-1 is-layout-flex wp-block-gallery-is-layout-flex\">\n<figure class=\"wp-block-image size-large\"><img loading=\"lazy\" decoding=\"async\" width=\"597\" height=\"1024\" data-id=\"339\" src=\"https:\/\/www.piccoloprincipe.org\/safenet\/wp-content\/uploads\/2025\/03\/pannello18_big-597x1024.jpg\" alt=\"\" class=\"wp-image-339\" srcset=\"https:\/\/www.piccoloprincipe.org\/safenet\/wp-content\/uploads\/2025\/03\/pannello18_big-597x1024.jpg 597w, https:\/\/www.piccoloprincipe.org\/safenet\/wp-content\/uploads\/2025\/03\/pannello18_big-175x300.jpg 175w, https:\/\/www.piccoloprincipe.org\/safenet\/wp-content\/uploads\/2025\/03\/pannello18_big.jpg 700w\" sizes=\"auto, (max-width: 597px) 100vw, 597px\" \/><\/figure>\n\n\n\n<figure class=\"wp-block-image size-large\"><img loading=\"lazy\" decoding=\"async\" width=\"602\" height=\"850\" data-id=\"338\" src=\"https:\/\/www.piccoloprincipe.org\/safenet\/wp-content\/uploads\/2025\/03\/pannello13.jpg\" alt=\"\" class=\"wp-image-338\" srcset=\"https:\/\/www.piccoloprincipe.org\/safenet\/wp-content\/uploads\/2025\/03\/pannello13.jpg 602w, https:\/\/www.piccoloprincipe.org\/safenet\/wp-content\/uploads\/2025\/03\/pannello13-212x300.jpg 212w\" sizes=\"auto, (max-width: 602px) 100vw, 602px\" \/><\/figure>\n\n\n\n<figure class=\"wp-block-image size-large\"><img loading=\"lazy\" decoding=\"async\" width=\"598\" height=\"845\" data-id=\"337\" src=\"https:\/\/www.piccoloprincipe.org\/safenet\/wp-content\/uploads\/2025\/03\/pannello10.jpg\" alt=\"\" class=\"wp-image-337\" srcset=\"https:\/\/www.piccoloprincipe.org\/safenet\/wp-content\/uploads\/2025\/03\/pannello10.jpg 598w, https:\/\/www.piccoloprincipe.org\/safenet\/wp-content\/uploads\/2025\/03\/pannello10-212x300.jpg 212w\" sizes=\"auto, (max-width: 598px) 100vw, 598px\" \/><\/figure>\n\n\n\n<figure class=\"wp-block-image size-large\"><img loading=\"lazy\" decoding=\"async\" width=\"597\" height=\"1024\" data-id=\"335\" src=\"https:\/\/www.piccoloprincipe.org\/safenet\/wp-content\/uploads\/2025\/03\/pannello05_big-597x1024.jpg\" alt=\"\" class=\"wp-image-335\" srcset=\"https:\/\/www.piccoloprincipe.org\/safenet\/wp-content\/uploads\/2025\/03\/pannello05_big-597x1024.jpg 597w, https:\/\/www.piccoloprincipe.org\/safenet\/wp-content\/uploads\/2025\/03\/pannello05_big-175x300.jpg 175w, https:\/\/www.piccoloprincipe.org\/safenet\/wp-content\/uploads\/2025\/03\/pannello05_big.jpg 700w\" sizes=\"auto, (max-width: 597px) 100vw, 597px\" \/><\/figure>\n<\/figure>\n\n\n\n<p class=\"wp-block-paragraph\"><\/p>\n","protected":false},"excerpt":{"rendered":"<p>Inauguriamo la rubrica sul nostro sito dedicata al racconto delle esperienze delle persone che attraversano Safenet e dei servizi messi in campo dal progetto con l\u2019intervista a Ilaria Mercurio, operatrice di territorio della Cooperativa don Giuseppe Monticelli.<\/p>\n","protected":false},"author":1,"featured_media":341,"comment_status":"closed","ping_status":"open","sticky":false,"template":"","format":"standard","meta":{"footnotes":""},"categories":[18,24,25],"tags":[],"class_list":["post-325","post","type-post","status-publish","format-standard","has-post-thumbnail","hentry","category-formazione","category-prevenzione","category-salute-sessuale"],"_links":{"self":[{"href":"https:\/\/www.piccoloprincipe.org\/safenet\/wp-json\/wp\/v2\/posts\/325","targetHints":{"allow":["GET"]}}],"collection":[{"href":"https:\/\/www.piccoloprincipe.org\/safenet\/wp-json\/wp\/v2\/posts"}],"about":[{"href":"https:\/\/www.piccoloprincipe.org\/safenet\/wp-json\/wp\/v2\/types\/post"}],"author":[{"embeddable":true,"href":"https:\/\/www.piccoloprincipe.org\/safenet\/wp-json\/wp\/v2\/users\/1"}],"replies":[{"embeddable":true,"href":"https:\/\/www.piccoloprincipe.org\/safenet\/wp-json\/wp\/v2\/comments?post=325"}],"version-history":[{"count":11,"href":"https:\/\/www.piccoloprincipe.org\/safenet\/wp-json\/wp\/v2\/posts\/325\/revisions"}],"predecessor-version":[{"id":401,"href":"https:\/\/www.piccoloprincipe.org\/safenet\/wp-json\/wp\/v2\/posts\/325\/revisions\/401"}],"wp:featuredmedia":[{"embeddable":true,"href":"https:\/\/www.piccoloprincipe.org\/safenet\/wp-json\/wp\/v2\/media\/341"}],"wp:attachment":[{"href":"https:\/\/www.piccoloprincipe.org\/safenet\/wp-json\/wp\/v2\/media?parent=325"}],"wp:term":[{"taxonomy":"category","embeddable":true,"href":"https:\/\/www.piccoloprincipe.org\/safenet\/wp-json\/wp\/v2\/categories?post=325"},{"taxonomy":"post_tag","embeddable":true,"href":"https:\/\/www.piccoloprincipe.org\/safenet\/wp-json\/wp\/v2\/tags?post=325"}],"curies":[{"name":"wp","href":"https:\/\/api.w.org\/{rel}","templated":true}]}}